{"provider_url": "https://www.gramado.rs.leg.br", "title": "Irmandades de Gramado", "html": "<div align=\"center\">\r\n<p align=\"justify\" style=\"text-align: justify; \"><span><span><span>Todo protocolo de Gemina\u00e7\u00e3o ou Irmandade precisa de dois momentos: quando se declara a inten\u00e7\u00e3o e quando se formaliza legalmente esta mesma inten\u00e7\u00e3o. Estas inten\u00e7\u00f5es precisam ser aprovadas pelas C\u00e2maras Municipais dos munic\u00edpios que praticam as irmandades. As Secretarias de Assuntos Internacionais dos pa\u00edses tamb\u00e9m fazem parte deste processo.</span></span></span></p>\r\n<p align=\"justify\" style=\"text-align: justify; \"><span><span><span>Geminar ou Irmanar quer dizer: fazer duas terras serem mais pr\u00f3ximas em sonhos e realidades, mesmo sendo distantes e diferentes. Terem vontade de fazer alguma coisa juntas. Serem parceiras volunt\u00e1rias da cultura interativa pela vontade e a\u00e7\u00f5es pol\u00edticas destas mesmas cidades. N\u00e3o deve ser apenas um ato pol\u00edtico, mas de interc\u00e2mbio em todas as \u00e1reas do conhecimento humano e das culturas sociais.</span></span></span></p>\r\n<p align=\"justify\" style=\"text-align: justify; \"><span><span><span>A palavra Irmandade \u00e9 usada mais entre os pa\u00edses americanos. A palavra Gemina\u00e7\u00e3o, entre os pa\u00edses europeus, mas significam a mesma coisa: terras irm\u00e3s, ou seja, geminadas. As Irmandades ou Gemina\u00e7\u00f5es s\u00e3o espa\u00e7os oficiais de interc\u00e2mbio social, pol\u00edtico e cultural da maior import\u00e2ncia para quem as pratica. Aproximam e fomentam energias capazes de ampliar rela\u00e7\u00f5es que poderiam demorar muito mais para acontecer.</span></span></span></p>\r\n<p align=\"justify\" style=\"text-align: justify; \"><span><span><span>Gramado tem desenvolvido rela\u00e7\u00f5es fraternas oficiais com outros pa\u00edses. Di\u00e1logos que favoreceram o crescimento e o desenvolvimento do Munic\u00edpio e, ao mesmo tempo, possibilitaram que outros povos soubessem do que somos capazes de fazer e de oferecer.</span></span></span><span></span></p>\r\n</div>\r\n<div style=\"text-align: center; \"><span><strong>TERRAS IRM\u00c3S DE GRAMADO</strong><br /><br /></span></div>\r\n<div style=\"text-align: justify; \">\r\n<ul>\r\n<li>PUERTO VARAS, no Chile;</li>\r\n<li>MALDONADO, no Uruguai;</li>\r\n<li>ANGRA DO HERO\u00cdSMO nos A\u00e7ores, Portugal;</li>\r\n<li>\u00d3BIDOS, em Portugal;</li>\r\n<li>LEVICO TERME, na It\u00e1lia.</li>\r\n</ul>\r\n</div>\r\n<div style=\"text-align: center; \"><br /><br />\u00a0\u00a0 \u00a0 \u00a0 \u00a0\u00a0<img alt=\"\" height=\"314\" src=\"https://web.archive.org/web/20210805230326im_/https://gramado.rs.leg.br/uploads/tinymce/files/581px-Escudo_de_Puerto_Varas.svg.png\" width=\"200\" /></div>\r\n<div style=\"text-align: justify; \"><span><br /><strong>PUERTO VARAS</strong><br /><br /></span></div>\r\n<p align=\"justify\" style=\"text-align: justify; \"><span><span><span>Gramado realizou a Irmandade (Irmandad) com Puerto Varas, no Chile. Em 3 de novembro de 1991, \u00e0 noite, no Hotel Serrano, aconteceu a solenidade de assinatura do conv\u00eanio, com jantar oferecido pela Prefeitura Municipal. O acordo foi assinado pelo prefeito Nelson Dinnebier, de Gramado, e pelo alcaide Guido Rehbein Felmer, de Puerto Varas. O elo da Irmandade \u00e9 o Mercosul, que na \u00e9poca incentivava o turismo nas fronteiras internacionais. N\u00e3o houve assinatura em Puerto Varas.<br /></span></span></span></p>\r\n<p style=\"text-align: justify; \"><span><span><strong>Hist\u00f3ria de Puerto Varas</strong><br /></span></span></p>\r\n<div style=\"text-align: center; \">\r\n<p align=\"justify\"><span><span><span>A funda\u00e7\u00e3o de Puerto Varas remonta ao ano de 1853, quando uma s\u00e9rie de a\u00e7\u00f5es governamentais foi levada a cabo pelo governo - que pretendia incorporar territ\u00f3rios desabitados da zona sul ao resto do pa\u00eds. Ao ser criado o territ\u00f3rio de Coloniza\u00e7\u00e3o do Lago Llanquihue, por Decreto Supremo do Minist\u00e9rio do Interior, em 27 de junho de 1853 se come\u00e7a com um crescente povoamento da zona com imigrantes vindos principalmente da Alemanha.</span></span></span></p>\r\n<p align=\"justify\"><span><span><span><br />Dentro das principais localidades que formam a Comuna se destaca Puerto Varas como sede e Nueva Braunau, Ensenada, La Fabrica, Col\u00f4nia Tr\u00eas Puentes, Col\u00f4nia Rio Sur, Rio Pescado, Ral\u00fan, Petrohu\u00e9, Peulla, Santa Maria e uma parte da nova cidade sat\u00e9lite de Alerce. A cidade de Puerto Varas \u00e9 considerada um dos centros urbanos principais, possuindo mais de 10.000 habitantes e pelo seu peso demogr\u00e1fico e sua lista funcional organizada, se destaca de todo o sistema urbano regional.</span></span></span></p>\r\n<p align=\"justify\"><span><span><span><br />A Comuna de Puerto Varas se encontra situada no extremo centro sul do pa\u00eds. Possui uma superf\u00edcie aproximada de 4.087 km\u00b2, correspondente a 6% da superf\u00edcie regional e a 26% da Prov\u00edncia. Pertenece \u00e0 Prov\u00edncia de Llanquihue, sendo uma das cinco prov\u00edncias que contornam a Regi\u00e3o dos Lagos. As caracter\u00edsticas geogr\u00e1ficas s\u00e3o marcadas pela proximidade da Cordilheira dos Andes, cujas principais alturas fazem parte de seu cen\u00e1rio. \u00c9 um centro tur\u00edstico e sua forma\u00e7\u00e3o alem\u00e3 aproxima muito Gramado com este espa\u00e7o latino.</span></span></span></p>\r\n\u00a0<br /><img alt=\"\" height=\"339\" src=\"https://web.archive.org/web/20210805230326im_/https://gramado.rs.leg.br/uploads/tinymce/files/Maldonado_Department_Coa.png\" width=\"200\" /></div>\r\n<div style=\"text-align: justify; \"><span><strong>MALDONADO</strong><br /><br /></span></div>\r\n<p align=\"justify\" style=\"text-align: justify; \"><span><span><span>Gramado irmanou com Maldonado, no Uruguai, em 13 de agosto de 1993, quando foi assinada a Carta de Inten\u00e7\u00f5es de Irmandade (Irmanamiento), em Gramado, durante o Festival de Cinema. O Conv\u00eanio de Rela\u00e7\u00f5es Fraternas foi assinado em Gramado, em 5 de maio de 1994, durante a II Semana de Integra\u00e7\u00e3o Cultural entre Brasil/Uruguai.</span></span></span></p>\r\n<p align=\"justify\" style=\"text-align: justify; \"><span><span><span> Assinaram os documentos o prefeito municipal de Gramado, Pedro Henrique Bertolucci, e o intendente da C\u00e2mara Municipal de Maldonado, Dom Domingo Burgue\u00f1o Miguel. Os dois eventos aconteceram no Cine Teatro Elisabeth Rosenfeld, no Centro Municipal de Cultura - onde hoje \u00e9 a Casa Legislativa.</span></span></span></p>\r\n<p align=\"justify\" style=\"text-align: justify; \"><span><span><span>Esta Irmandade tem provado o quanto estas a\u00e7\u00f5es podem fazer pelo turismo americano, tamb\u00e9m estimulado pelo Mercosul.<br /></span></span></span></p>\r\n<p style=\"text-align: justify; \"><strong>Hist\u00f3ria de Maldonado</strong></p>\r\n<div style=\"text-align: justify; \">\r\n<p align=\"justify\"><span><span><span>A povoa\u00e7\u00e3o de Maldonado iniciou em 1755, realizada pelo Governo de Monteved\u00e9o, por Jos\u00e9 Joaquim de Viana, sem ordem expressa do rei. O Departamento de Maldonado est\u00e1 situado no litoral fluvial e mar\u00edtimo do Rio da Prata e do Oceano Atl\u00e2ntico. Ocupa uma superf\u00edcie de 4.793 km\u00b2 no Sudoeste da Rep\u00fablica Oriental do Uruguai. Tem uma costa de 100 km sobre o Rio da Prata e o Oceano. Apresenta um grupo de colinas e serras que a atravessam de norte a sul, separados por rios e arroios. Se podem apreciar as eleva\u00e7\u00f5es mais importantes do pa\u00eds, como o Cerro Catedral, de 513 metros de altitude. Tr\u00eas condi\u00e7\u00f5es o distinguem dos demais departamentos do pa\u00eds, pois tem costas, serras e bosques.<br /></span></span></span></p>\r\n<p align=\"justify\"><span><span><span>Os centros mais importantes s\u00e3o a cidade de Maldonado, capital do Departamento ou Munic\u00edpio, Punta del Este, Piri\u00e1polis, San Carlos, Pan de Azucar e Aigua, sem contar os demais pequenos centros povoados.</span></span></span></p>\r\n<p align=\"justify\"><span><span><span></span></span></span><span>As principais atividades que se desenvolvem no departamento est\u00e3o relacionadas com o turismo, o qual tem se tornado a principal atividade econ\u00f4mica. Ainda s\u00e3o importantes a agricultura, a pesca, o granito.</span></p>\r\n<p align=\"justify\"><span><span><span>Desde o per\u00edodo colonial, Maldonado era a segunda cidade da Banda Oriental, pela sua posi\u00e7\u00e3o estrat\u00e9gica importante na entrada do Rio da Prata, com seu amplo e seguro porto. Por isto sempre teve a aten\u00e7\u00e3o especial dos reis de Espanha e foram favorecidos tanto no aspecto militar, como religioso e social.</span></span></span></p>\r\n</div>\r\n<div style=\"text-align: center; \"><br /><img alt=\"\" height=\"283\" src=\"https://web.archive.org/web/20210805230326im_/https://gramado.rs.leg.br/uploads/tinymce/files/Coat_of_arms_of_Angra_do_Heroismo_Azores.png\" width=\"200\" /></div>\r\n<div style=\"text-align: justify; \"><span><strong>ANGRA DO HERO\u00cdSMO</strong><br /></span><br />\r\n<p align=\"justify\"><span><span><span>Em 9 de mar\u00e7o de 2004, Gramado geminou com Angra do Hero\u00edsmo, nos A\u00e7ores, Portugal, assinando a Carta de Inten\u00e7\u00f5es. A inten\u00e7\u00e3o foi buscar, nesta Gemina\u00e7\u00e3o, o reencontro com suas ra\u00edzes lusas com um turismo que desponta nos pa\u00edses europeus. O documento foi assinado pelo prefeito Pedro Henrique Bertolucci, de Gramado, e pelo presidente da C\u00e2mara Municipal de Angra do Hero\u00edsmo, S\u00e9rgio Humberto Rocha de \u00c1vila.</span></span></span></p>\r\n<p align=\"justify\"><span><span><span><br />Em 22 de outubro de 2012 aconteceu a assinatura do Protocolo de Gemina\u00e7\u00e3o, dentro das comemora\u00e7\u00f5es dos 260 anos do Povoamento A\u00e7oriano no RS, na C\u00e2mara Municipal de Vereadores de Gramado. O documento foi assinado pelo engenheiro Jos\u00e9 \u00c9lio Valad\u00e3o Ventura, vice-presidente da C\u00e2mara Municipal de Angra do Hero\u00edsmo, e por Luiz Ant\u00f4nio Barbacovi, vice-prefeito em exerc\u00edcio de Gramado.</span></span></span></p>\r\n</div>\r\n<div style=\"text-align: justify; \"></div>\r\n<div style=\"text-align: justify; \"><span><span><strong>Hist\u00f3ria de Angra do Hero\u00edsmo</strong><br /></span></span></div>\r\n<div style=\"text-align: center; \">\u00a0\r\n<p align=\"justify\"><span><span><span>O Arquip\u00e9lago dos A\u00e7ores (9 ilhas), em Portugal, fica a cerca de 1.500 km a oeste da Pen\u00ednsula Ib\u00e9rica (Lisboa) e possui um Governo Regional aut\u00f4nomo. Angra do Hero\u00edsmo situa-se na Ilha Terceira e \u00e9 um munic\u00edpio muito festeiro, como Gramado. Angra do Hero\u00edsmo \u00e9 um dos p\u00f3los da Universidade dos A\u00e7ores e um dos centros administrativos da Regi\u00e3o Aut\u00f4noma dos A\u00e7ores.</span></span></span></p>\r\n<p align=\"justify\"><span><span><span><br />O Conselho de Angra do Hero\u00edsmo (C\u00e2mara Municipal) tem dom\u00ednio sobre 240 km\u00b2 e uma popula\u00e7\u00e3o aproximada de 40.000 habitantes de uma comunidade hist\u00f3rica que remonta \u00e0s grandes descobertas portuguesas e que traz no seu dia a dia o cantar, o vestir, o viver e o agir herdado dos antepassados, com uma galhardia que s\u00f3 a simplicidade da cultura pode entender.</span></span></span></p>\r\n<p align=\"justify\"><span><span><span><br />Angra do Hero\u00edsmo \u00e9 formada por 19 freguesias (bairros ou localidades) e tem sua altitude m\u00e1xima na Serra de Santa B\u00e1rbara, com 1.023 metros.</span></span></span></p>\r\n<span></span><br /><br /><img alt=\"\" height=\"210\" src=\"https://web.archive.org/web/20210805230326im_/https://gramado.rs.leg.br/uploads/tinymce/files/OBD.png\" width=\"200\" /></div>\r\n<div style=\"text-align: justify; \"><span><strong>\u00d3BIDOS</strong><br /><br /></span></div>\r\n<div style=\"text-align: justify; \">\r\n<p align=\"justify\"><span><span><span>Gramado tem outro munic\u00edpio Irm\u00e3o em Portugal. A Carta de Inten\u00e7\u00f5es de Irmandade (Gemina\u00e7\u00e3o) com o munic\u00edpio de \u00d3bidos foi assinada em 21 de novembro de 2007, demonstrando o interesse de ambos em Geminar. Foi assinada a 2\u00aa fase da gemina\u00e7\u00e3o em \u00d3bidos, em 21 de janeiro de 2008, pelo prefeito de Gramado, Pedro Henrique Bertolucci, e pelo presidente da C\u00e2mara de \u00d3bidos, Telmo Henrique Correia Daniel Faria.<br /></span></span></span></p>\r\n</div>\r\n<div style=\"text-align: justify; \"><strong>Hist\u00f3ria de \u00d3bidos</strong></div>\r\n<div style=\"text-align: center; \">\r\n<p align=\"justify\"><span><span><span><br />O Conselho de \u00d3bidos possui popula\u00e7\u00e3o aproximada de 11.000 pessoas, numa \u00e1rea de 144 km\u00b2, distribu\u00eddos em nove freguesias: A. dos Negros, Amoreira, Gaeiras, Santa Maria e S\u00e3o Pedro (\u00d3bidos), Olho Marinho, Sobral da Lagoa, Usseira e Vau. Todas ligadas por f\u00e1ceis acessos.</span></span></span></p>\r\n<p align=\"justify\"><span><span><span><br />No Conselho de \u00d3bidos podem ser encontrados o sossego e a paz que emanam do interior. Formosas \u201cquintas\u201d (s\u00edtios particulares) acentuam a beleza da regi\u00e3o. Num raio de 20 km, do n\u00facleo que \u00e9 a Vila de \u00d3bidos, existem praias com banhos do mar portugu\u00eas. Atra\u00eddos pelas belezas e riquezas deste Conselho, numerosos visitantes o elegeram como local de veraneio, especialmente nos arredores da Lagoa de \u00d3bidos.</span></span></span></p>\r\n<p align=\"justify\"><span><span><span><br />A administra\u00e7\u00e3o \u00e9 feita pela C\u00e2mara Municipal, atrav\u00e9s de um presidente, um vice e tr\u00eas vereadores.\u00a0</span></span></span><span style=\"text-align: center; \">A Vila Museu, sede do Conselho, soube crescer e evoluir respeitando e mantendo vest\u00edgios de v\u00e1rias \u00e9pocas, estilos e culturas. Uma Vila Medieval, cingida por larga muralha que abriga um labirinto de ruas estreitas e irregulares, bem como um casario branco de uma heran\u00e7a cultural, hoje, sin\u00f4nimo de turismo cultural.</span></p>\r\n<br /><img alt=\"\" height=\"272\" src=\"https://web.archive.org/web/20210805230326im_/https://gramado.rs.leg.br/uploads/tinymce/files/Levico_Terme-Stemma.png\" width=\"200\" /></div>\r\n<div style=\"text-align: justify; \"><span><strong>L\u00c9VICO TERME</strong><br /><br /></span></div>\r\n<div style=\"text-align: justify; \">\r\n<p align=\"justify\"><span><span><span>A assinatura da Carta de Inten\u00e7\u00f5es de Irmandade (Gemellaggio) com Levico Terne, na It\u00e1lia, aconteceu em cerim\u00f4nia informal no dia 20 de novembro de 2010, no Serra Park, durante o 22\u00ba Festival do Turismo. A Carta de Inten\u00e7\u00f5es foi assinada pelo prefeito Nestor Tissot, e por Werner Acler, delegado do Prefeito de L\u00e9vico Terne. O Gemellaggio em Levico Terme aconteceu em 28 de agosto de 2011, na presen\u00e7a do ent\u00e3o vice-prefeito Luiz Ant\u00f4nio Barbacovi, de Gramado, e pelo prefeito de Terme, Gianpietro Passamani.<br /></span></span></span></p>\r\n</div>\r\n<div style=\"text-align: justify; \"><span><strong>Hist\u00f3ria de L\u00e9vico Terme</strong><br /><br /></span></div>\r\n<div style=\"text-align: justify; \">\r\n<p align=\"justify\"><span><span><span>Levico Terme se localiza na regi\u00e3o montanhosa da Prov\u00edncia de Trento. Uma cidade de aproximadamente 7 mil habitantes que recebe mais de 1 milh\u00e3o de turistas por ano. As principais atra\u00e7\u00f5es da cidade s\u00e3o eventos como: a Feira de Natal, que acontece de 22 de novembro a 6 de janeiro; a Esta\u00e7\u00e3o de \u00c1guas Termais, de abril a outubro; e a Esta\u00e7\u00e3o de Esqui, no inverno. A cidade \u00e9 conhecida tamb\u00e9m pelo queijo Vezzena, produzido a partir de pastagens localizadas a 1.600 metros de altitude e pelo Lago de Levico, com in\u00fameras atividades durante o ver\u00e3o. O Lago Levico foi formado em tempos relativamente recentes, devido \u00e0 constru\u00e7\u00e3o de uma barragem.<br /></span></span></span></p>\r\n<p align=\"justify\"><span><span><span>O nome de Levico apareceu pela primeira vez em um documento datado de 29 de outubro de 1184. Em 1\u00ba de abril de 1894, Levico foi elevada \u00e0 categoria de cidade pelo imperador Franz Joseph I, e em 1896 acolheu a abertura da estrada de ferro Valsugana. A cidade foi duramente afetada pela devasta\u00e7\u00e3o da Grande Guerra e a reconstru\u00e7\u00e3o foi muito lenta. </span></span></span></p>\r\n<p align=\"justify\"><span><span><span>Levico Terme \u00e9 composta por seis distritos: a Igreja (noroeste), Furo (nordeste), Grande (sudoeste) e Cortina (sudeste), no centro da cidade; Oltrebrenta, que inclui todas as aldeias ao sul do rio (Barco, Santa Juliana, Quaere); e Selva, que inclui o site vila hom\u00f4nima imediatamente adjacente ao leste do n\u00facleo principal.</span></span></span></p>\r\n</div>\r\n<div>\r\n<p align=\"justify\" style=\"text-align: justify; \"><span><span><span><i>Pesquisa: Mar\u00edlia Daros - Historiadora</i></span></span></span></p>\r\n</div>", "author_name": "", "version": "1.0", "author_url": "https://www.gramado.rs.leg.br/author/lucio.lopes", "provider_name": "  ", "type": "rich"}