{"provider_url": "https://www.gramado.rs.leg.br", "title": "Hist\u00f3ria de Gramado", "html": "<p align=\"justify\" style=\"text-align: justify; \"><span><span><span><span><span><span>Em 7 de outubro de 1809, foi criada, por Provis\u00e3o de D. Jo\u00e3o VI, a 1\u00aa\u00a0rede de munic\u00edpios do Rio Grande do Sul: Porto Alegre, Rio Grande, Rio Pardo, Santo Ant\u00f4nio da Patrulha. Ao longo dos s\u00e9culos de XIX e XX, desmembraram-se direta ou indiretamente de Santo Ant\u00f4nio da Patrulha, 76 munic\u00edpios. De S</span></span></span></span></span><span><span><span><span>anto Ant\u00f4nio da Patrulha</span></span></span></span><span><span><span><span><span>\u00a0</span></span></span></span></span><span><span><span><span><span>desmembraram-se o munic\u00edpio de Taquara do Mundo Novo, emancipando-se em 17 de abril de 1886, pela Lei 1.586.</span></span></span></span></span></span></p>\r\n<p align=\"justify\" style=\"text-align: justify; \"><span><span><span><span><span>Pelo Ato Municipal 72, de 19 de abril de 1904, foi criado o 3\u00ba distrito de Taquara, com sede em Linha Bonita. Em 10 de novembro de 1904, pelo Ato Municipal 80-A, \u00e9 transformado em 4\u00ba Distrito, com sede na Linha Nova (ambas hoje no interior de Gramado). O primeiro administrador do 5\u00ba Distrito foi Jos\u00e9 Nicoletti Filho, nascido na It\u00e1lia e emigrando ainda pequeno para o\u00a0 Brasil com seus pais e familiares.</span></span></span></span></span></p>\r\n<p align=\"justify\" style=\"text-align: justify; \"><span><span><span><span><span>Pelo Ato Municipal 139, de 17 de janeiro de 1913, o lugar denominado Gramado passou a incorporar e ser a sede do 5\u00ba Distrito, onde foram residir as autoridades. Este documento foi assinado pelo Coronel Diniz Martins Rangel, Intendente de Taquara do Mundo Novo, nossa terra m\u00e3e. Nesta sede de Gramado, a autoridade era exercida pelo Major Jos\u00e9 Nicoletti Filho, Subintendente e Chefe de Pol\u00edcia, na parceria de alguns l\u00edderes locais. Nomes como Jo\u00e3o Leopoldo Lied (tabeli\u00e3o em 1909) e Pedro Benetti (comerciante) fazem parte deste importante momento hist\u00f3rico. Neste n\u00facleo j\u00e1 havia habitantes de origem luso-a\u00e7oriana, com terras registradas desde 1880 e 1882, e seus pioneiros colonizadores eram Trist\u00e3o Jos\u00e9 Francisco de Oliveira e Jos\u00e9 Manoel Corr\u00eaa. Foi concomitante \u00e0 entrada da coloniza\u00e7\u00e3o de descendentes alem\u00e3es e italianos, somando-se ainda mascates e comerciantes s\u00edrio-libaneses.</span></span></span></span></span></p>\r\n<p align=\"justify\" style=\"text-align: justify; \"><span><span><span><span><span></span></span></span></span></span><span>Ao se resgatar a origem de Gramado, logo se questiona o porqu\u00ea\u00a0do nome do munic\u00edpio. Certamente, ele surgiu do andar de tropeiros por nossa regi\u00e3o e que foram nominando locais e caminhos, como foi feito em todo o nosso Estado. Assim, nesta</span><span>s</span><span>\u00a0tropeadas, alcan\u00e7ando este patamar do sert\u00e3o serrano, encontravam um pequeno campo, que j\u00e1 levava o nome de Campestre, onde vertia \u00e1gua l\u00edmpida e onde as \u00e1rvores convidavam para o repouso. Ali descansavam, pernoitavam e, no seguinte, davam rumo a sua lida.\u00a0Dentro das necessidades do crescimento, em 31 de mar\u00e7o de 1938, aconteceu a altera\u00e7\u00e3o de Povoa\u00e7\u00e3o do Gramado para a Vila do Gramado.</span></p>\r\n<p align=\"justify\" style=\"text-align: justify; \"><span><span><span><span><span>Emancipou-se em 15 de dezembro de 1954, pela Lei 2.522, depois de alguns anos de campanhas emancipacionistas, iniciando uma vida independente e pr\u00f3spera. Seus prefeitos foram: Walter Bertoluci, Arno Michaelsen, Jos\u00e9 Francisco Perini, Horst Ernest Volk (interventor federal), Waldemar Frederico Weber, Nelson Dinnebier, Pedro Henrique Bertolucci, Jorge Bertoluci e Nestor Tissot e Fedoca Bertolucci</span></span></span></span><span><span><span><span>.</span></span></span></span></span></p>\r\n<p align=\"justify\" style=\"text-align: justify; \"><span><span><span><span><span>Gramado passou depressa pelas transforma\u00e7\u00f5es de um pouso de tropeiros, povoamento, velamento e cidade. Do \u201cpouso de tropeiro\u201d ao \u201cpouso de turistas\u201d, guardou na mem\u00f3ria um pouco de seu passado. Hoje Gramado vive do turismo organizado, de seus eventos e de seus atrativos naturais.</span></span></span></span></span></p>\r\n<p align=\"justify\" style=\"text-align: justify; \"><span><span><span><span><span>O movimento cultural da cidade \u00e9\u00a0bastante significativo, onde se destacam eventos anuais como o Festival do Cinema, Festival de Turismo, Natal Luz, e Festa da Col\u00f4nia. A gastronomia \u00e9\u00a0farta e t\u00edpica das etnias formativas de Gramado, bem como de sabores internacionais requintados. O visitante encontra uma rede de hot\u00e9is e pousadas que podem garantir sua satisfa\u00e7\u00e3o. A Avenida Borges de Medeiros centraliza o com\u00e9rcio e o grande fluxo de visitantes. E se este desejar conhecer como vive o nosso povo no meio rural, existem passeios espec\u00edficos para isto, \u00e9tnicos e divertidos.</span></span></span></span></span></p>\r\n<p align=\"justify\" style=\"text-align: justify; \"><span><span><span><span><span>Gramado situa-se na regi\u00e3o Nordeste do Estado do Rio Grande do Sul. Esta regi\u00e3o\u00a0 \u00e9\u00a0tamb\u00e9m conhecida como a Regi\u00e3o das Hort\u00eansias e Planalto das Arauc\u00e1rias.\u00a0A cidade se encontra sobre uma rocha melaf\u00edrica (basalto), ou seja, um grande \u201clajeado\u201d. Suas altitudes atingem 850 metros e o clima \u00e9 frio, com alto \u00edndice pluviom\u00e9trico. Sua terra \u00e9 produtiva e nela a produ\u00e7\u00e3o germina por todo o territ\u00f3rio municipal. Nascentes doces vertem por todos os lados, e pertencem a duas grandes bacias h\u00eddricas do RS: a bacia do Rio Ca\u00ed (ao norte) e a do Rio dos Sinos (ao sul).</span></span></span></span></span></p>\r\n<p align=\"justify\" style=\"text-align: justify; \"><span><span><span><span><span></span></span></span></span></span><span>Gramado permanece Gramado, n\u00e3o apenas porque era a marca\u00e7\u00e3o de uma parte do caminho dos tropeiros, mas, especialmente, porque sua natureza verde e de relva macia faz por merecer este nome.</span></p>\r\n<p align=\"justify\" style=\"text-align: justify; \"><span><span><span><span><span>Autora:\u00a0<span>Marilia Daros \u2013 Historiadora.</span></span></span></span></span></span></p>", "author_name": "", "version": "1.0", "author_url": "https://www.gramado.rs.leg.br/author/lucio.lopes", "provider_name": "  ", "type": "rich"}